{"id":6650,"date":"2013-08-12T12:29:18","date_gmt":"2013-08-12T12:29:18","guid":{"rendered":"\/?p=1980"},"modified":"2022-06-29T11:56:01","modified_gmt":"2022-06-29T11:56:01","slug":"dia-del-perro-sin-hogar","status":"publish","type":"post","link":"https:\/\/nuugi.rwdesarrollos.es\/en\/dia-del-perro-sin-hogar\/","title":{"rendered":"Homeless Dog Day!"},"content":{"rendered":"<p>The International Organization for Animal Rights (ISAR) held every third Saturday of August the &#8220;International Day of Homeless Animals&#8221;, in order to promote new campaigns for solving the pet overpopulation in road condition.<\/p>\n<p>In order to locate international efforts towards the care of street dogs and Mutts, Nuugi promotes the celebration of &#8220;Homeless Dog Day (Mexico)&#8221; to start a good habit among animal lovers and do awareness of benefits everyone gets of having more control with our four-legged friends without a home.<br \/>\n<em><br \/>\n<strong>This August 17th we celebrate the &#8220;Homeless Dog Day in Mexico&#8221;.<\/strong><\/em><\/p>\n<p><strong>What do we look?<\/strong><br \/>\n&#8211; Start a good habit.<br \/>\n&#8211; Promover el rescate y cuidado del perro sin hogar.<br \/>\n&#8211; Concientizar su coexistencia urbana con los humanos.<br \/>\n&#8211; No al rechazo del perro criollo y sin hogar.<br \/>\n&#8211; Promover la adopci\u00f3n.<br \/>\n&#8211; Brindar promoci\u00f3n a los refugios y albergues caninos.<br \/>\n&#8211; Crear mayor comunidad en beneficio de perros criollos y sin hogar.<\/p>\n<p>La sobrepoblaci\u00f3n de perros de compa\u00f1\u00eda y su abandono son la principal causa del sobrecupo de cuadr\u00fapedos en las <em>calles, refugios y albergues.<\/em><\/p>\n<p><strong>\u00bfC\u00f3mo ayudarlos?<\/strong><br \/>\n&#8211; Creando jornadas de adopci\u00f3n.<br \/>\n&#8211; Promoviendo campa\u00f1as de vacunaci\u00f3n y cl\u00ednica veterinaria.<br \/>\n&#8211; Campa\u00f1as de esterilizaci\u00f3n.<br \/>\n&#8211; Cuidar a los perros sin hogar de nuestra colonia.<br \/>\n&#8211; Educar sobre los beneficios de adoptar en lugar de comprar.<br \/>\n&#8211; Regular la reproducci\u00f3n y venta en criaderos y tiendas.<br \/>\n&#8211; Sanciones a quienes los maltraten.<br \/>\n&#8211; Obligar el uso de placas con identificaci\u00f3n y datos de los due\u00f1os.<br \/>\n&#8211; Comenzar por nosotros y contagiar las ganas de solucionar el problema.<\/p>\n<p><strong>\u00bfC\u00f3mo celebrar el \u201cD\u00eda del Perro sin Hogar en M\u00e9xico\u201d?<\/strong><br \/>\nHacemos un llamado a toda la comunidad de Nuugi a unirse a la celebraci\u00f3n del \u201cD\u00eda del Perro sin Hogar en M\u00e9xico\u201d Te invitamos a participar durante todo el s\u00e1bado 17 de agosto en redes sociales de la siguiente manera:<br \/>\n&#8211; Pasa la voz e invita a tus amigos celebrar este d\u00eda.<br \/>\n&#8211; Comparte fotos de tu perro rescatado y cu\u00e9ntanos su historia.<br \/>\n&#8211; \u00bfLos has visto? Comparte fotos de perros criollos de tu colonia que no tengan un hogar.<br \/>\n&#8211; \u00a1Haz propuestas! Comparte con nosotros tus ideas para ayudar a nuestros amigos.<br \/>\n&#8211; Invita los albergues de tu colonia a compartir informaci\u00f3n en nuestras redes.<br \/>\n&#8211; Utiliza el hashtag #D\u00edaDelPerroSinHogar en tus publicaciones.<\/p>\n<p>Es momento de ayudar a los seres que est\u00e1n dispuestos a dar todo su amor a cambio de un hogar y que por situaciones ajenas a su voluntad sufren abandono y rechazo. Unidos podemos cambiar su mundo \u00a1Guau!<\/p>\n<p><figure id=\"attachment_2000\" aria-describedby=\"caption-attachment-2000\" style=\"width: 403px\" class=\"wp-caption alignnone\"><img fetchpriority=\"high\" decoding=\"async\" class=\"size-full wp-image-2000\" alt=\"D\u00eda del Perro sin Hogar\" src=\"\/wp-content\/uploads\/2013\/08\/callejero.jpg\" width=\"403\" height=\"403\"><figcaption id=\"caption-attachment-2000\" class=\"wp-caption-text\">D\u00eda del Perro sin Hogar<\/figcaption><\/figure><!--:--><\/p>\n","protected":false},"excerpt":{"rendered":"<p>The International Organization for Animal Rights (ISAR) held every third Saturday of August the &#8220;International Day of Homeless Animals&#8221;, in order to promote new campaigns for solving the pet overpopulation in road condition. In order to locate international efforts towards the care of street dogs and Mutts, Nuugi promotes the celebration of &#8220;Homeless Dog Day&#8230;<\/p>\n","protected":false},"author":4,"featured_media":5986,"comment_status":"closed","ping_status":"open","sticky":false,"template":"","format":"standard","meta":{"_acf_changed":false,"inline_featured_image":false,"_kad_post_transparent":"","_kad_post_title":"","_kad_post_layout":"","_kad_post_sidebar_id":"","_kad_post_content_style":"","_kad_post_vertical_padding":"","_kad_post_feature":"","_kad_post_feature_position":"","_kad_post_header":false,"_kad_post_footer":false,"footnotes":""},"categories":[306],"tags":[308,310,307,309,311,312],"acf":[],"yoast_head":"<!-- This site is optimized with the Yoast SEO plugin v23.8 - https:\/\/yoast.com\/wordpress\/plugins\/seo\/ -->\n<title>Homeless Dog Day! | Nuugi<\/title>\n<meta name=\"description\" content=\"Homeless Dog Day!\" \/>\n<meta name=\"robots\" content=\"noindex, follow, max-snippet:-1, max-image-preview:large, max-video-preview:-1\" \/>\n<meta property=\"og:locale\" content=\"en_US\" \/>\n<meta property=\"og:type\" content=\"article\" \/>\n<meta property=\"og:title\" content=\"Homeless Dog Day! | Nuugi\" \/>\n<meta property=\"og:description\" content=\"Homeless Dog Day!\" \/>\n<meta property=\"og:url\" content=\"https:\/\/nuugi.rwdesarrollos.es\/en\/dia-del-perro-sin-hogar\/\" \/>\n<meta property=\"og:site_name\" content=\"Nuugi\" \/>\n<meta property=\"article:published_time\" content=\"2013-08-12T12:29:18+00:00\" \/>\n<meta property=\"article:modified_time\" content=\"2022-06-29T11:56:01+00:00\" \/>\n<meta property=\"og:image\" content=\"https:\/\/nuugi.rwdesarrollos.es\/wp-content\/uploads\/2013\/08\/Logo-Perro-Sin-Hogar.png\" \/>\n\t<meta property=\"og:image:width\" content=\"300\" \/>\n\t<meta property=\"og:image:height\" content=\"314\" \/>\n\t<meta property=\"og:image:type\" content=\"image\/png\" \/>\n<meta name=\"author\" content=\"Miriam Garc\u00eda\" \/>\n<meta name=\"twitter:card\" content=\"summary_large_image\" \/>\n<meta name=\"twitter:label1\" content=\"Written by\" \/>\n\t<meta name=\"twitter:data1\" content=\"Miriam Garc\u00eda\" \/>\n\t<meta name=\"twitter:label2\" content=\"Est. reading time\" \/>\n\t<meta name=\"twitter:data2\" content=\"2 minutes\" \/>\n<script type=\"application\/ld+json\" class=\"yoast-schema-graph\">{\"@context\":\"https:\/\/schema.org\",\"@graph\":[{\"@type\":\"Article\",\"@id\":\"https:\/\/nuugi.rwdesarrollos.es\/en\/dia-del-perro-sin-hogar\/#article\",\"isPartOf\":{\"@id\":\"https:\/\/nuugi.rwdesarrollos.es\/en\/dia-del-perro-sin-hogar\/\"},\"author\":{\"name\":\"Miriam Garc\u00eda\",\"@id\":\"https:\/\/nuugi.rwdesarrollos.es\/en\/#\/schema\/person\/647fdb36f507b43a32f9eb0ccef1afd8\"},\"headline\":\"Homeless Dog Day!\",\"datePublished\":\"2013-08-12T12:29:18+00:00\",\"dateModified\":\"2022-06-29T11:56:01+00:00\",\"mainEntityOfPage\":{\"@id\":\"https:\/\/nuugi.rwdesarrollos.es\/en\/dia-del-perro-sin-hogar\/\"},\"wordCount\":463,\"publisher\":{\"@id\":\"https:\/\/nuugi.rwdesarrollos.es\/en\/#organization\"},\"image\":{\"@id\":\"https:\/\/nuugi.rwdesarrollos.es\/en\/dia-del-perro-sin-hogar\/#primaryimage\"},\"thumbnailUrl\":\"https:\/\/nuugi.rwdesarrollos.es\/wp-content\/uploads\/2013\/08\/Logo-Perro-Sin-Hogar.png\",\"keywords\":[\"adopcion\",\"D\u00eda Perro Sin hogar\",\"nuugi\",\"Perro\",\"Perro de la calle\",\"Perro sin hogar\"],\"articleSection\":[\"blog\"],\"inLanguage\":\"en-US\"},{\"@type\":\"WebPage\",\"@id\":\"https:\/\/nuugi.rwdesarrollos.es\/en\/dia-del-perro-sin-hogar\/\",\"url\":\"https:\/\/nuugi.rwdesarrollos.es\/en\/dia-del-perro-sin-hogar\/\",\"name\":\"Homeless Dog Day! | Nuugi\",\"isPartOf\":{\"@id\":\"https:\/\/nuugi.rwdesarrollos.es\/en\/#website\"},\"primaryImageOfPage\":{\"@id\":\"https:\/\/nuugi.rwdesarrollos.es\/en\/dia-del-perro-sin-hogar\/#primaryimage\"},\"image\":{\"@id\":\"https:\/\/nuugi.rwdesarrollos.es\/en\/dia-del-perro-sin-hogar\/#primaryimage\"},\"thumbnailUrl\":\"https:\/\/nuugi.rwdesarrollos.es\/wp-content\/uploads\/2013\/08\/Logo-Perro-Sin-Hogar.png\",\"datePublished\":\"2013-08-12T12:29:18+00:00\",\"dateModified\":\"2022-06-29T11:56:01+00:00\",\"description\":\"Homeless Dog Day!\",\"breadcrumb\":{\"@id\":\"https:\/\/nuugi.rwdesarrollos.es\/en\/dia-del-perro-sin-hogar\/#breadcrumb\"},\"inLanguage\":\"en-US\",\"potentialAction\":[{\"@type\":\"ReadAction\",\"target\":[\"https:\/\/nuugi.rwdesarrollos.es\/en\/dia-del-perro-sin-hogar\/\"]}]},{\"@type\":\"ImageObject\",\"inLanguage\":\"en-US\",\"@id\":\"https:\/\/nuugi.rwdesarrollos.es\/en\/dia-del-perro-sin-hogar\/#primaryimage\",\"url\":\"https:\/\/nuugi.rwdesarrollos.es\/wp-content\/uploads\/2013\/08\/Logo-Perro-Sin-Hogar.png\",\"contentUrl\":\"https:\/\/nuugi.rwdesarrollos.es\/wp-content\/uploads\/2013\/08\/Logo-Perro-Sin-Hogar.png\",\"width\":300,\"height\":314},{\"@type\":\"BreadcrumbList\",\"@id\":\"https:\/\/nuugi.rwdesarrollos.es\/en\/dia-del-perro-sin-hogar\/#breadcrumb\",\"itemListElement\":[{\"@type\":\"ListItem\",\"position\":1,\"name\":\"Portada\",\"item\":\"https:\/\/nuugi.rwdesarrollos.es\/en\/home\/\"},{\"@type\":\"ListItem\",\"position\":2,\"name\":\"Homeless Dog Day!\"}]},{\"@type\":\"WebSite\",\"@id\":\"https:\/\/nuugi.rwdesarrollos.es\/en\/#website\",\"url\":\"https:\/\/nuugi.rwdesarrollos.es\/en\/\",\"name\":\"Nuugi\",\"description\":\"Servicios de Excelencia para tu mascota\",\"publisher\":{\"@id\":\"https:\/\/nuugi.rwdesarrollos.es\/en\/#organization\"},\"potentialAction\":[{\"@type\":\"SearchAction\",\"target\":{\"@type\":\"EntryPoint\",\"urlTemplate\":\"https:\/\/nuugi.rwdesarrollos.es\/en\/?s={search_term_string}\"},\"query-input\":{\"@type\":\"PropertyValueSpecification\",\"valueRequired\":true,\"valueName\":\"search_term_string\"}}],\"inLanguage\":\"en-US\"},{\"@type\":\"Organization\",\"@id\":\"https:\/\/nuugi.rwdesarrollos.es\/en\/#organization\",\"name\":\"Nuugi\",\"url\":\"https:\/\/nuugi.rwdesarrollos.es\/en\/\",\"logo\":{\"@type\":\"ImageObject\",\"inLanguage\":\"en-US\",\"@id\":\"https:\/\/nuugi.rwdesarrollos.es\/en\/#\/schema\/logo\/image\/\",\"url\":\"http:\/\/nuugi.rwdesarrollos.es\/wp-content\/uploads\/2022\/05\/cropped-nuggiimago-2.png\",\"contentUrl\":\"http:\/\/nuugi.rwdesarrollos.es\/wp-content\/uploads\/2022\/05\/cropped-nuggiimago-2.png\",\"width\":250,\"height\":89,\"caption\":\"Nuugi\"},\"image\":{\"@id\":\"https:\/\/nuugi.rwdesarrollos.es\/en\/#\/schema\/logo\/image\/\"}},{\"@type\":\"Person\",\"@id\":\"https:\/\/nuugi.rwdesarrollos.es\/en\/#\/schema\/person\/647fdb36f507b43a32f9eb0ccef1afd8\",\"name\":\"Miriam Garc\u00eda\",\"image\":{\"@type\":\"ImageObject\",\"inLanguage\":\"en-US\",\"@id\":\"https:\/\/nuugi.rwdesarrollos.es\/en\/#\/schema\/person\/image\/\",\"url\":\"https:\/\/secure.gravatar.com\/avatar\/09e464bf6e4933642523adea5c600b6c?s=96&d=mm&r=g\",\"contentUrl\":\"https:\/\/secure.gravatar.com\/avatar\/09e464bf6e4933642523adea5c600b6c?s=96&d=mm&r=g\",\"caption\":\"Miriam Garc\u00eda\"},\"url\":\"https:\/\/nuugi.rwdesarrollos.es\/en\/author\/mgarcia\/\"}]}<\/script>\n<!-- \/ Yoast SEO plugin. -->","yoast_head_json":{"title":"Homeless Dog Day! | Nuugi","description":"Homeless Dog Day!","robots":{"index":"noindex","follow":"follow","max-snippet":"max-snippet:-1","max-image-preview":"max-image-preview:large","max-video-preview":"max-video-preview:-1"},"og_locale":"en_US","og_type":"article","og_title":"Homeless Dog Day! | Nuugi","og_description":"Homeless Dog Day!","og_url":"https:\/\/nuugi.rwdesarrollos.es\/en\/dia-del-perro-sin-hogar\/","og_site_name":"Nuugi","article_published_time":"2013-08-12T12:29:18+00:00","article_modified_time":"2022-06-29T11:56:01+00:00","og_image":[{"width":300,"height":314,"url":"https:\/\/nuugi.rwdesarrollos.es\/wp-content\/uploads\/2013\/08\/Logo-Perro-Sin-Hogar.png","type":"image\/png"}],"author":"Miriam Garc\u00eda","twitter_card":"summary_large_image","twitter_misc":{"Written by":"Miriam Garc\u00eda","Est. reading time":"2 minutes"},"schema":{"@context":"https:\/\/schema.org","@graph":[{"@type":"Article","@id":"https:\/\/nuugi.rwdesarrollos.es\/en\/dia-del-perro-sin-hogar\/#article","isPartOf":{"@id":"https:\/\/nuugi.rwdesarrollos.es\/en\/dia-del-perro-sin-hogar\/"},"author":{"name":"Miriam Garc\u00eda","@id":"https:\/\/nuugi.rwdesarrollos.es\/en\/#\/schema\/person\/647fdb36f507b43a32f9eb0ccef1afd8"},"headline":"Homeless Dog Day!","datePublished":"2013-08-12T12:29:18+00:00","dateModified":"2022-06-29T11:56:01+00:00","mainEntityOfPage":{"@id":"https:\/\/nuugi.rwdesarrollos.es\/en\/dia-del-perro-sin-hogar\/"},"wordCount":463,"publisher":{"@id":"https:\/\/nuugi.rwdesarrollos.es\/en\/#organization"},"image":{"@id":"https:\/\/nuugi.rwdesarrollos.es\/en\/dia-del-perro-sin-hogar\/#primaryimage"},"thumbnailUrl":"https:\/\/nuugi.rwdesarrollos.es\/wp-content\/uploads\/2013\/08\/Logo-Perro-Sin-Hogar.png","keywords":["adopcion","D\u00eda Perro Sin hogar","nuugi","Perro","Perro de la calle","Perro sin hogar"],"articleSection":["blog"],"inLanguage":"en-US"},{"@type":"WebPage","@id":"https:\/\/nuugi.rwdesarrollos.es\/en\/dia-del-perro-sin-hogar\/","url":"https:\/\/nuugi.rwdesarrollos.es\/en\/dia-del-perro-sin-hogar\/","name":"Homeless Dog Day! | Nuugi","isPartOf":{"@id":"https:\/\/nuugi.rwdesarrollos.es\/en\/#website"},"primaryImageOfPage":{"@id":"https:\/\/nuugi.rwdesarrollos.es\/en\/dia-del-perro-sin-hogar\/#primaryimage"},"image":{"@id":"https:\/\/nuugi.rwdesarrollos.es\/en\/dia-del-perro-sin-hogar\/#primaryimage"},"thumbnailUrl":"https:\/\/nuugi.rwdesarrollos.es\/wp-content\/uploads\/2013\/08\/Logo-Perro-Sin-Hogar.png","datePublished":"2013-08-12T12:29:18+00:00","dateModified":"2022-06-29T11:56:01+00:00","description":"Homeless Dog Day!","breadcrumb":{"@id":"https:\/\/nuugi.rwdesarrollos.es\/en\/dia-del-perro-sin-hogar\/#breadcrumb"},"inLanguage":"en-US","potentialAction":[{"@type":"ReadAction","target":["https:\/\/nuugi.rwdesarrollos.es\/en\/dia-del-perro-sin-hogar\/"]}]},{"@type":"ImageObject","inLanguage":"en-US","@id":"https:\/\/nuugi.rwdesarrollos.es\/en\/dia-del-perro-sin-hogar\/#primaryimage","url":"https:\/\/nuugi.rwdesarrollos.es\/wp-content\/uploads\/2013\/08\/Logo-Perro-Sin-Hogar.png","contentUrl":"https:\/\/nuugi.rwdesarrollos.es\/wp-content\/uploads\/2013\/08\/Logo-Perro-Sin-Hogar.png","width":300,"height":314},{"@type":"BreadcrumbList","@id":"https:\/\/nuugi.rwdesarrollos.es\/en\/dia-del-perro-sin-hogar\/#breadcrumb","itemListElement":[{"@type":"ListItem","position":1,"name":"Portada","item":"https:\/\/nuugi.rwdesarrollos.es\/en\/home\/"},{"@type":"ListItem","position":2,"name":"Homeless Dog Day!"}]},{"@type":"WebSite","@id":"https:\/\/nuugi.rwdesarrollos.es\/en\/#website","url":"https:\/\/nuugi.rwdesarrollos.es\/en\/","name":"Nuugi","description":"Servicios de Excelencia para tu mascota","publisher":{"@id":"https:\/\/nuugi.rwdesarrollos.es\/en\/#organization"},"potentialAction":[{"@type":"SearchAction","target":{"@type":"EntryPoint","urlTemplate":"https:\/\/nuugi.rwdesarrollos.es\/en\/?s={search_term_string}"},"query-input":{"@type":"PropertyValueSpecification","valueRequired":true,"valueName":"search_term_string"}}],"inLanguage":"en-US"},{"@type":"Organization","@id":"https:\/\/nuugi.rwdesarrollos.es\/en\/#organization","name":"Nuugi","url":"https:\/\/nuugi.rwdesarrollos.es\/en\/","logo":{"@type":"ImageObject","inLanguage":"en-US","@id":"https:\/\/nuugi.rwdesarrollos.es\/en\/#\/schema\/logo\/image\/","url":"http:\/\/nuugi.rwdesarrollos.es\/wp-content\/uploads\/2022\/05\/cropped-nuggiimago-2.png","contentUrl":"http:\/\/nuugi.rwdesarrollos.es\/wp-content\/uploads\/2022\/05\/cropped-nuggiimago-2.png","width":250,"height":89,"caption":"Nuugi"},"image":{"@id":"https:\/\/nuugi.rwdesarrollos.es\/en\/#\/schema\/logo\/image\/"}},{"@type":"Person","@id":"https:\/\/nuugi.rwdesarrollos.es\/en\/#\/schema\/person\/647fdb36f507b43a32f9eb0ccef1afd8","name":"Miriam Garc\u00eda","image":{"@type":"ImageObject","inLanguage":"en-US","@id":"https:\/\/nuugi.rwdesarrollos.es\/en\/#\/schema\/person\/image\/","url":"https:\/\/secure.gravatar.com\/avatar\/09e464bf6e4933642523adea5c600b6c?s=96&d=mm&r=g","contentUrl":"https:\/\/secure.gravatar.com\/avatar\/09e464bf6e4933642523adea5c600b6c?s=96&d=mm&r=g","caption":"Miriam Garc\u00eda"},"url":"https:\/\/nuugi.rwdesarrollos.es\/en\/author\/mgarcia\/"}]}},"_links":{"self":[{"href":"https:\/\/nuugi.rwdesarrollos.es\/en\/wp-json\/wp\/v2\/posts\/6650"}],"collection":[{"href":"https:\/\/nuugi.rwdesarrollos.es\/en\/wp-json\/wp\/v2\/posts"}],"about":[{"href":"https:\/\/nuugi.rwdesarrollos.es\/en\/wp-json\/wp\/v2\/types\/post"}],"author":[{"embeddable":true,"href":"https:\/\/nuugi.rwdesarrollos.es\/en\/wp-json\/wp\/v2\/users\/4"}],"replies":[{"embeddable":true,"href":"https:\/\/nuugi.rwdesarrollos.es\/en\/wp-json\/wp\/v2\/comments?post=6650"}],"version-history":[{"count":0,"href":"https:\/\/nuugi.rwdesarrollos.es\/en\/wp-json\/wp\/v2\/posts\/6650\/revisions"}],"wp:featuredmedia":[{"embeddable":true,"href":"https:\/\/nuugi.rwdesarrollos.es\/en\/wp-json\/wp\/v2\/media\/5986"}],"wp:attachment":[{"href":"https:\/\/nuugi.rwdesarrollos.es\/en\/wp-json\/wp\/v2\/media?parent=6650"}],"wp:term":[{"taxonomy":"category","embeddable":true,"href":"https:\/\/nuugi.rwdesarrollos.es\/en\/wp-json\/wp\/v2\/categories?post=6650"},{"taxonomy":"post_tag","embeddable":true,"href":"https:\/\/nuugi.rwdesarrollos.es\/en\/wp-json\/wp\/v2\/tags?post=6650"}],"curies":[{"name":"wp","href":"https:\/\/api.w.org\/{rel}","templated":true}]}}